{"id":119,"date":"2018-01-02T12:05:56","date_gmt":"2018-01-02T12:05:56","guid":{"rendered":"http:\/\/wp2.commonsupport.com\/newwp\/consultox\/?p=119"},"modified":"2023-01-20T13:07:55","modified_gmt":"2023-01-20T10:07:55","slug":"worldwide-private-equity-final-report-2017-2","status":"publish","type":"post","link":"http:\/\/www.kuzeydenetim.com\/index.php\/2018\/01\/02\/worldwide-private-equity-final-report-2017-2\/","title":{"rendered":"5 ve \u00dcst\u00fc \u00c7al\u0131\u015fan\u0131 Olan \u0130\u015fverenler D\u0130KKAT! BES Sistemine Ge\u00e7iniz"},"content":{"rendered":"\n<p>Be\u015f ve \u00fczeri personelli i\u015f yerlerinde Personellerin br\u00fct \u00fccretleri \u00fczerinden %3 oran\u0131nda Bireysel Emeklilik Sistemine aktar\u0131lmak \u00fczere Kesinti yap\u0131lacakt\u0131r.&nbsp;&nbsp;Personel g\u00fcvenlikli ileti\u015fim ara\u00e7lar\u0131, posta,mail yoluyla 2 ay i\u00e7inde yap\u0131lan BES s\u00f6zle\u015fmesinden Cayma Hakk\u0131n\u0131 kullanabilecektir.&nbsp; Personel 2 ay ge\u00e7se dahi istedi\u011fi zaman BES sisteminden \u00e7\u0131kabilecektir.<\/p>\n\n\n\n<p>Ayr\u0131ca ;<\/p>\n\n\n\n<p>1 Hazirandan itibaren \u00e7al\u0131\u015fan \u00fccretlerini bankadan \u00f6demeyen i\u015fverenler i\u00e7in idari para cezas\u0131&#8230;<\/p>\n\n\n\n<p>5 ve \u00dcst\u00fc \u00c7al\u0131\u015fan\u0131 Olan \u0130\u015fverenler, 1 Haziran 2016 Tarihinden \u0130tibaren \u0130\u015f\u00e7i \u00dccretlerini Banka Kanal\u0131yla \u00d6demek Zorundalar!<br>Duyurular\u0131 bilgilendirme ama\u00e7l\u0131d\u0131r. Verilen bilginin mevcut durumu hakk\u0131nda&nbsp;ve daha detayl\u0131 bilgi i\u00e7in site y\u00f6netimi ile ileti\u015fime ge\u00e7iniz.<\/p>\n","protected":false},"excerpt":{"rendered":"<p>Be\u015f ve \u00fczeri personelli i\u015f yerlerinde Personellerin br\u00fct \u00fccretleri \u00fczerinden %3 oran\u0131nda Bireysel Emeklilik Sistemine aktar\u0131lmak \u00fczere Kesinti yap\u0131lacakt\u0131r.&nbsp;&nbsp;Personel g\u00fcvenlikli ileti\u015fim ara\u00e7lar\u0131, posta,mail yoluyla 2 ay i\u00e7inde yap\u0131lan BES s\u00f6zle\u015fmesinden Cayma Hakk\u0131n\u0131 kullanabilecektir.&nbsp; Personel 2 ay ge\u00e7se dahi istedi\u011fi zaman BES sisteminden \u00e7\u0131kabilecektir. Ayr\u0131ca ; 1 Hazirandan itibaren \u00e7al\u0131\u015fan \u00fccretlerini bankadan \u00f6demeyen i\u015fverenler i\u00e7in idari<\/p>\n","protected":false},"author":1,"featured_media":0,"comment_status":"open","ping_status":"open","sticky":false,"template":"","format":"standard","meta":{"footnotes":""},"categories":[9],"tags":[],"class_list":["post-119","post","type-post","status-publish","format-standard","hentry","category-latest-news-right"],"_links":{"self":[{"href":"http:\/\/www.kuzeydenetim.com\/index.php\/wp-json\/wp\/v2\/posts\/119","targetHints":{"allow":["GET"]}}],"collection":[{"href":"http:\/\/www.kuzeydenetim.com\/index.php\/wp-json\/wp\/v2\/posts"}],"about":[{"href":"http:\/\/www.kuzeydenetim.com\/index.php\/wp-json\/wp\/v2\/types\/post"}],"author":[{"embeddable":true,"href":"http:\/\/www.kuzeydenetim.com\/index.php\/wp-json\/wp\/v2\/users\/1"}],"replies":[{"embeddable":true,"href":"http:\/\/www.kuzeydenetim.com\/index.php\/wp-json\/wp\/v2\/comments?post=119"}],"version-history":[{"count":1,"href":"http:\/\/www.kuzeydenetim.com\/index.php\/wp-json\/wp\/v2\/posts\/119\/revisions"}],"predecessor-version":[{"id":2404,"href":"http:\/\/www.kuzeydenetim.com\/index.php\/wp-json\/wp\/v2\/posts\/119\/revisions\/2404"}],"wp:attachment":[{"href":"http:\/\/www.kuzeydenetim.com\/index.php\/wp-json\/wp\/v2\/media?parent=119"}],"wp:term":[{"taxonomy":"category","embeddable":true,"href":"http:\/\/www.kuzeydenetim.com\/index.php\/wp-json\/wp\/v2\/categories?post=119"},{"taxonomy":"post_tag","embeddable":true,"href":"http:\/\/www.kuzeydenetim.com\/index.php\/wp-json\/wp\/v2\/tags?post=119"}],"curies":[{"name":"wp","href":"https:\/\/api.w.org\/{rel}","templated":true}]}}